{"id":15353,"date":"2023-09-16T09:11:06","date_gmt":"2023-09-16T09:11:06","guid":{"rendered":"https:\/\/clinvetdosona.cat\/displasia-de-caderas-canina\/"},"modified":"2023-11-14T08:18:28","modified_gmt":"2023-11-14T08:18:28","slug":"displasia-de-caderas-canina","status":"publish","type":"post","link":"https:\/\/clinvetdosona.cat\/es\/displasia-de-caderas-canina\/","title":{"rendered":"Displasia de caderas canina"},"content":{"rendered":"\n<h1 class=\"wp-block-heading\">Displasia de caderas canina<\/h1>\n\n\n\n<p>Seguro que hab\u00e9is o\u00eddo hablar de la displasia de caderas, pero os queremos resolver las dudas m\u00e1s habituales al respecto. Queremos explicaros que es la displasia de caderas en perros, qu\u00e9 s\u00edntomas pueden causar, c\u00f3mo podemos proteger a nuestras queridas mascotas y, en \u00faltimo caso, c\u00f3mo se enfoca el tratamiento.<\/p>\n\n\n\n<p><strong>Qu\u00e9 es la displasia de caderas? <\/strong>La displasia de caderas es una afecci\u00f3n frecuente en perros, especialmente en razas de gran tama\u00f1o c\u00f3mo los Labrador Retriever, Pastor Alem\u00e1n, B\u00f3xer y Golden Retriever, entre otros. Se trata de un desarrollo anormal de la articulaci\u00f3n de la cadera, que puede causar problemas de movilidad y dolor en el animal afectado.<\/p>\n\n\n\n<p>Esta condici\u00f3n se desarrolla progresivamente durante el crecimiento del perro y est\u00e1 influenciada tanto por factores gen\u00e9ticos c\u00f3mo ambientales. La forma de la cadera puede no ajustarse correctamente, provocando un movimiento inestable y fricci\u00f3n an\u00f3malos, lo que puede conducir a la erosi\u00f3n del cart\u00edlago y aparici\u00f3n de osteoartritis y artrosis con el paso del tiempo.<\/p>\n\n\n<div class=\"wp-block-image\">\n<figure class=\"aligncenter size-full is-resized\"><img loading=\"lazy\" decoding=\"async\" width=\"900\" height=\"675\" src=\"https:\/\/clinvetdosona.cat\/wp-content\/uploads\/2023\/09\/image-4.png\" alt=\"\" class=\"wp-image-15190\" style=\"object-fit:cover;width:650px;height:400px\" srcset=\"https:\/\/clinvetdosona.cat\/wp-content\/uploads\/2023\/09\/image-4.png 900w, https:\/\/clinvetdosona.cat\/wp-content\/uploads\/2023\/09\/image-4-300x225.png 300w, https:\/\/clinvetdosona.cat\/wp-content\/uploads\/2023\/09\/image-4-768x576.png 768w\" sizes=\"auto, (max-width: 900px) 100vw, 900px\" \/><\/figure>\n<\/div>\n\n\n<p><\/p>\n\n\n\n<p><strong>\u00bfC\u00f3mo se diagnostica?<\/strong> Detectar la displasia de caderas en los perros puede requerir una serie de procedimientos y pruebas veterinarias. Uno de los m\u00e9todos m\u00e1s comunes es la radiograf\u00eda de las articulaciones de la cadera. Esta imagen nos permite evaluar la estructura y forma de las caderas del perro y determinar si hay signos de displasia. Esta prueba se puede realizar a cualquier edad, aunque es muy recomendable a los 4 meses de edad, en cachorros j\u00f3venes, ya que as\u00ed se puede tratar precozmente. En perros adultos y de edad avanzada tambi\u00e9n es posible realizar la prueba, pero alg\u00fan tratamiento ya no ser\u00e1 una opci\u00f3n viable.<\/p>\n\n\n\n<p>Adem\u00e1s de la radiograf\u00eda, tambi\u00e9n se puede realizar una evaluaci\u00f3n cl\u00ednica y observar el comportamiento del perro durante el movimiento para detectar signos de cojera, rigidez o dificultad en la movilidad.<\/p>\n\n\n<div class=\"wp-block-image\">\n<figure class=\"aligncenter size-large is-resized\"><img loading=\"lazy\" decoding=\"async\" width=\"1024\" height=\"734\" src=\"https:\/\/clinvetdosona.cat\/wp-content\/uploads\/2023\/09\/caderes-gros-be-1024x734.jpg\" alt=\"\" class=\"wp-image-15192\" style=\"object-fit:cover;width:650px;height:400px\" srcset=\"https:\/\/clinvetdosona.cat\/wp-content\/uploads\/2023\/09\/caderes-gros-be-1024x734.jpg 1024w, https:\/\/clinvetdosona.cat\/wp-content\/uploads\/2023\/09\/caderes-gros-be-300x215.jpg 300w, https:\/\/clinvetdosona.cat\/wp-content\/uploads\/2023\/09\/caderes-gros-be-768x550.jpg 768w, https:\/\/clinvetdosona.cat\/wp-content\/uploads\/2023\/09\/caderes-gros-be-1536x1101.jpg 1536w, https:\/\/clinvetdosona.cat\/wp-content\/uploads\/2023\/09\/caderes-gros-be-2048x1468.jpg 2048w\" sizes=\"auto, (max-width: 1024px) 100vw, 1024px\" \/><\/figure>\n<\/div>\n\n\n<p>En esta imagen pod\u00e9is ver c\u00f3mo la cadera de la izquierda tiene una forma correcta y tanto la cabeza de f\u00e9mur c\u00f3mo el acet\u00e1bulo encajan perfectamente (flechas), mientras que en la imagen de la derecha os se\u00f1alamos los puntos en qu\u00e9 hay alguna alteraci\u00f3n, signos de degeneraci\u00f3n y artrosis.<\/p>\n\n\n\n<p><strong>\u00bfQu\u00e9 s\u00edntomas puede causar?<\/strong> Los s\u00edntomas de la displasia de caderas pueden variar en severidad y se pueden manifestar de distintas formas. Los perros afectados pueden mostrar cojera especialmente en las patas posteriores, y pueden tener dificultad para moverse o levantarse. Tambi\u00e9n pueden mostrar signos de dolor y rigidez, especialmente despu\u00e9s de realizar actividad f\u00edsica intensa.<\/p>\n\n\n\n<p>En algunos casos, los s\u00edntomas pueden ser m\u00e1s sutiles, simplemente mostrando un comportamiento menos activo, realizando paseos m\u00e1s cortos, sent\u00e1ndose a menudo, &#8230; Es importante se\u00f1alar que los perros pueden adaptarse gradualmente al dolor y no siempre mostrar signos evidentes de malestar aunque la enfermedad pueda estar ya muy avanzada. Tambi\u00e9n hay razas y animales concretos que aguantan m\u00e1s el dolor que otras.<\/p>\n\n\n\n<p><strong>\u00bfC\u00f3mo se trata? <\/strong>El tratamiento de la displasia de caderas depende de la severidad del caso y de las necesidades individuales del paciente. En general el tratamiento se basa en distintas acciones que ayuden a paliar el dolor y la limitaci\u00f3n de movimiento que tiene el animal, estas serian: control del peso del animal, el uso de antiinflamatorios para aliviar el dolor y la fisioterapia para mejorar la fuerza muscular y movilidad. Cabe tener en cuenta que aunque se deba vigilar que tipo de actividad f\u00edsica realizan los animales para no forzar m\u00e1s de la cuenta las articulaciones, es recomendable que mantengan un cierto nivel de actividad f\u00edsica para evitar la p\u00e9rdida de masa muscular y la p\u00e9rdida de movimiento.<\/p>\n\n\n\n<p>En casos m\u00e1s graves se puede considerar la cirug\u00eda c\u00f3mo opci\u00f3n para mejorar la articulaci\u00f3n y reducir el dolor. Hay distintas t\u00e9cnicas quir\u00fargicas y se tiene que valorar cada caso para encontrar la mejor opci\u00f3n para cada paciente. Se decidir\u00e1 el mejor enfoque terap\u00e9utico en funci\u00f3n del grado de displasia, la edad y el estado general de salud del animal.<\/p>\n\n\n<div class=\"wp-block-image\">\n<figure class=\"aligncenter size-full is-resized\"><img loading=\"lazy\" decoding=\"async\" width=\"480\" height=\"320\" src=\"https:\/\/clinvetdosona.cat\/wp-content\/uploads\/2023\/09\/image-5.png\" alt=\"\" class=\"wp-image-15194\" style=\"object-fit:cover;width:650px;height:400px\" srcset=\"https:\/\/clinvetdosona.cat\/wp-content\/uploads\/2023\/09\/image-5.png 480w, https:\/\/clinvetdosona.cat\/wp-content\/uploads\/2023\/09\/image-5-300x200.png 300w\" sizes=\"auto, (max-width: 480px) 100vw, 480px\" \/><\/figure>\n<\/div>\n\n\n<p><\/p>\n\n\n\n<p><strong>\u00bfC\u00f3mo evitarlo? <\/strong>La displasia de caderas es una condici\u00f3n compleja y puede ser dif\u00edcil de prevenir completamente, sobretodo en razas predispuestas gen\u00e9ticamente. No obstante, hay medidas que pueden ayudar a reducir el riesgo o detectar la condici\u00f3n en fases iniciales.<\/p>\n\n\n\n<p>Si ten\u00e9is un perro de raza con predisposici\u00f3n gen\u00e9tica a la displasia de caderas, es importante hablar con vuestro veterinario sobre los controles y medidas preventivas que pod\u00e1is tomar. Nuestra recomendaci\u00f3n ser\u00eda hacer una radiograf\u00eda a los 4 meses de edad para ver si hay riesgo que de adulto pueda presentar problemas y, de ser as\u00ed, realizar una cirug\u00eda preventiva que mejore su calidad de vida. Adem\u00e1s, mantener un peso adecuado, proporcionar una dieta equilibrada y evitar un exceso de ejercicio en perros j\u00f3venes puede contribuir a la salud de sus articulaciones.<\/p>\n\n\n\n<p>En caso de sospecha o preocupaci\u00f3n, os invitamos a venir a nuestra cl\u00ednica veterinaria para una evaluaci\u00f3n completa y una orientaci\u00f3n personalizada.<\/p>\n\n\n\n<p>Esperamos que este art\u00edculo os haya parecido interesante e informativo. Si ten\u00e9is m\u00e1s preguntas o necesit\u00e1is m\u00e1s informaci\u00f3n, estamos aqu\u00ed para ayudaros a proporcionar el mejor soporte para la salud y el bienestar de vuestro querido perro.<\/p>\n\n\n<div class=\"wp-block-image\">\n<figure class=\"aligncenter size-large is-resized\"><img loading=\"lazy\" decoding=\"async\" width=\"1024\" height=\"683\" src=\"https:\/\/clinvetdosona.cat\/wp-content\/uploads\/2023\/09\/image-7-1024x683.png\" alt=\"\" class=\"wp-image-15198\" style=\"object-fit:cover;width:650px;height:400px\" srcset=\"https:\/\/clinvetdosona.cat\/wp-content\/uploads\/2023\/09\/image-7-1024x683.png 1024w, https:\/\/clinvetdosona.cat\/wp-content\/uploads\/2023\/09\/image-7-300x200.png 300w, https:\/\/clinvetdosona.cat\/wp-content\/uploads\/2023\/09\/image-7-768x512.png 768w, https:\/\/clinvetdosona.cat\/wp-content\/uploads\/2023\/09\/image-7.png 1200w\" sizes=\"auto, (max-width: 1024px) 100vw, 1024px\" \/><\/figure>\n<\/div>\n\n\n<p><\/p>\n","protected":false},"excerpt":{"rendered":"<p>Displasia de caderas canina Seguro que hab\u00e9is o\u00eddo hablar de la displasia de caderas, pero os queremos resolver las dudas m\u00e1s habituales al respecto. Queremos explicaros que es la displasia de caderas en perros, qu\u00e9 s\u00edntomas pueden causar, c\u00f3mo podemos proteger a nuestras queridas mascotas y, en \u00faltimo caso, c\u00f3mo se enfoca el tratamiento. Qu\u00e9 [&hellip;]<\/p>\n","protected":false},"author":1,"featured_media":15205,"comment_status":"closed","ping_status":"open","sticky":false,"template":"","format":"standard","meta":{"footnotes":""},"categories":[1],"tags":[97,69,96,98,66,70],"class_list":["post-15353","post","type-post","status-publish","format-standard","has-post-thumbnail","hentry","category-sin-categorizar","tag-artrosis","tag-clinica-veterinaria-es","tag-displasia-caderas","tag-geriatricos","tag-salud-animal","tag-veterinario-osona"],"yoast_head":"<!-- This site is optimized with the Yoast SEO plugin v21.0 - https:\/\/yoast.com\/wordpress\/plugins\/seo\/ -->\n<title>Displasia de caderas canina - Cl\u00ednica Veterin\u00e0ria d\u2019Osona<\/title>\n<meta name=\"description\" content=\"Cl\u00ednica veterinaria Vic - Veterinario 24 h - Expertos en tratamiento de enfermedades c\u00f3mo la displasia de caderas\" \/>\n<meta name=\"robots\" content=\"index, follow, max-snippet:-1, max-image-preview:large, max-video-preview:-1\" \/>\n<link rel=\"canonical\" href=\"https:\/\/clinvetdosona.cat\/es\/displasia-de-caderas-canina\/\" \/>\n<meta property=\"og:locale\" content=\"es_ES\" \/>\n<meta property=\"og:type\" content=\"article\" \/>\n<meta property=\"og:title\" content=\"Displasia de caderas canina - Cl\u00ednica Veterin\u00e0ria d\u2019Osona\" \/>\n<meta property=\"og:description\" content=\"Cl\u00ednica veterinaria Vic - Veterinario 24 h - Expertos en tratamiento de enfermedades c\u00f3mo la displasia de caderas\" \/>\n<meta property=\"og:url\" content=\"https:\/\/clinvetdosona.cat\/es\/displasia-de-caderas-canina\/\" \/>\n<meta property=\"og:site_name\" content=\"Cl\u00ednica Veterin\u00e0ria d\u2019Osona\" \/>\n<meta property=\"article:published_time\" content=\"2023-09-16T09:11:06+00:00\" \/>\n<meta property=\"article:modified_time\" content=\"2023-11-14T08:18:28+00:00\" \/>\n<meta property=\"og:image\" content=\"https:\/\/clinvetdosona.cat\/wp-content\/uploads\/2023\/09\/caderes-banner-bo-1-scaled.jpg\" \/>\n\t<meta property=\"og:image:width\" content=\"2560\" \/>\n\t<meta property=\"og:image:height\" content=\"885\" \/>\n\t<meta property=\"og:image:type\" content=\"image\/jpeg\" \/>\n<meta name=\"author\" content=\"AdminD\" \/>\n<meta name=\"twitter:card\" content=\"summary_large_image\" \/>\n<meta name=\"twitter:label1\" content=\"Escrito por\" \/>\n\t<meta name=\"twitter:data1\" content=\"AdminD\" \/>\n\t<meta name=\"twitter:label2\" content=\"Tiempo de lectura\" \/>\n\t<meta name=\"twitter:data2\" content=\"6 minutos\" \/>\n<script type=\"application\/ld+json\" class=\"yoast-schema-graph\">{\"@context\":\"https:\/\/schema.org\",\"@graph\":[{\"@type\":\"WebPage\",\"@id\":\"https:\/\/clinvetdosona.cat\/es\/displasia-de-caderas-canina\/\",\"url\":\"https:\/\/clinvetdosona.cat\/es\/displasia-de-caderas-canina\/\",\"name\":\"Displasia de caderas canina - Cl\u00ednica Veterin\u00e0ria d\u2019Osona\",\"isPartOf\":{\"@id\":\"https:\/\/clinvetdosona.cat\/#website\"},\"datePublished\":\"2023-09-16T09:11:06+00:00\",\"dateModified\":\"2023-11-14T08:18:28+00:00\",\"author\":{\"@id\":\"https:\/\/clinvetdosona.cat\/#\/schema\/person\/b6b65a2e5e554289b5ef633a16c8f38f\"},\"description\":\"Cl\u00ednica veterinaria Vic - Veterinario 24 h - Expertos en tratamiento de enfermedades c\u00f3mo la displasia de caderas\",\"breadcrumb\":{\"@id\":\"https:\/\/clinvetdosona.cat\/es\/displasia-de-caderas-canina\/#breadcrumb\"},\"inLanguage\":\"es\",\"potentialAction\":[{\"@type\":\"ReadAction\",\"target\":[\"https:\/\/clinvetdosona.cat\/es\/displasia-de-caderas-canina\/\"]}]},{\"@type\":\"BreadcrumbList\",\"@id\":\"https:\/\/clinvetdosona.cat\/es\/displasia-de-caderas-canina\/#breadcrumb\",\"itemListElement\":[{\"@type\":\"ListItem\",\"position\":1,\"name\":\"Inici\",\"item\":\"https:\/\/clinvetdosona.cat\/es\/\"},{\"@type\":\"ListItem\",\"position\":2,\"name\":\"Displasia de caderas canina\"}]},{\"@type\":\"WebSite\",\"@id\":\"https:\/\/clinvetdosona.cat\/#website\",\"url\":\"https:\/\/clinvetdosona.cat\/\",\"name\":\"Cl\u00ednica Veterin\u00e0ria d\u2019Osona\",\"description\":\"T\u2019ajudem a cuidar-lo\",\"potentialAction\":[{\"@type\":\"SearchAction\",\"target\":{\"@type\":\"EntryPoint\",\"urlTemplate\":\"https:\/\/clinvetdosona.cat\/?s={search_term_string}\"},\"query-input\":\"required name=search_term_string\"}],\"inLanguage\":\"es\"},{\"@type\":\"Person\",\"@id\":\"https:\/\/clinvetdosona.cat\/#\/schema\/person\/b6b65a2e5e554289b5ef633a16c8f38f\",\"name\":\"AdminD\",\"image\":{\"@type\":\"ImageObject\",\"inLanguage\":\"es\",\"@id\":\"https:\/\/clinvetdosona.cat\/#\/schema\/person\/image\/\",\"url\":\"https:\/\/secure.gravatar.com\/avatar\/414c7840b35b7adb1c49747a00267b3a5312caaa6fd08fedca7a24fa9a06eeb5?s=96&d=mm&r=g\",\"contentUrl\":\"https:\/\/secure.gravatar.com\/avatar\/414c7840b35b7adb1c49747a00267b3a5312caaa6fd08fedca7a24fa9a06eeb5?s=96&d=mm&r=g\",\"caption\":\"AdminD\"},\"sameAs\":[\"https:\/\/clinvetdosona.cat\"],\"url\":\"https:\/\/clinvetdosona.cat\/es\/author\/admind\/\"}]}<\/script>\n<!-- \/ Yoast SEO plugin. -->","yoast_head_json":{"title":"Displasia de caderas canina - Cl\u00ednica Veterin\u00e0ria d\u2019Osona","description":"Cl\u00ednica veterinaria Vic - Veterinario 24 h - Expertos en tratamiento de enfermedades c\u00f3mo la displasia de caderas","robots":{"index":"index","follow":"follow","max-snippet":"max-snippet:-1","max-image-preview":"max-image-preview:large","max-video-preview":"max-video-preview:-1"},"canonical":"https:\/\/clinvetdosona.cat\/es\/displasia-de-caderas-canina\/","og_locale":"es_ES","og_type":"article","og_title":"Displasia de caderas canina - Cl\u00ednica Veterin\u00e0ria d\u2019Osona","og_description":"Cl\u00ednica veterinaria Vic - Veterinario 24 h - Expertos en tratamiento de enfermedades c\u00f3mo la displasia de caderas","og_url":"https:\/\/clinvetdosona.cat\/es\/displasia-de-caderas-canina\/","og_site_name":"Cl\u00ednica Veterin\u00e0ria d\u2019Osona","article_published_time":"2023-09-16T09:11:06+00:00","article_modified_time":"2023-11-14T08:18:28+00:00","og_image":[{"width":2560,"height":885,"url":"https:\/\/clinvetdosona.cat\/wp-content\/uploads\/2023\/09\/caderes-banner-bo-1-scaled.jpg","type":"image\/jpeg"}],"author":"AdminD","twitter_card":"summary_large_image","twitter_misc":{"Escrito por":"AdminD","Tiempo de lectura":"6 minutos"},"schema":{"@context":"https:\/\/schema.org","@graph":[{"@type":"WebPage","@id":"https:\/\/clinvetdosona.cat\/es\/displasia-de-caderas-canina\/","url":"https:\/\/clinvetdosona.cat\/es\/displasia-de-caderas-canina\/","name":"Displasia de caderas canina - Cl\u00ednica Veterin\u00e0ria d\u2019Osona","isPartOf":{"@id":"https:\/\/clinvetdosona.cat\/#website"},"datePublished":"2023-09-16T09:11:06+00:00","dateModified":"2023-11-14T08:18:28+00:00","author":{"@id":"https:\/\/clinvetdosona.cat\/#\/schema\/person\/b6b65a2e5e554289b5ef633a16c8f38f"},"description":"Cl\u00ednica veterinaria Vic - Veterinario 24 h - Expertos en tratamiento de enfermedades c\u00f3mo la displasia de caderas","breadcrumb":{"@id":"https:\/\/clinvetdosona.cat\/es\/displasia-de-caderas-canina\/#breadcrumb"},"inLanguage":"es","potentialAction":[{"@type":"ReadAction","target":["https:\/\/clinvetdosona.cat\/es\/displasia-de-caderas-canina\/"]}]},{"@type":"BreadcrumbList","@id":"https:\/\/clinvetdosona.cat\/es\/displasia-de-caderas-canina\/#breadcrumb","itemListElement":[{"@type":"ListItem","position":1,"name":"Inici","item":"https:\/\/clinvetdosona.cat\/es\/"},{"@type":"ListItem","position":2,"name":"Displasia de caderas canina"}]},{"@type":"WebSite","@id":"https:\/\/clinvetdosona.cat\/#website","url":"https:\/\/clinvetdosona.cat\/","name":"Cl\u00ednica Veterin\u00e0ria d\u2019Osona","description":"T\u2019ajudem a cuidar-lo","potentialAction":[{"@type":"SearchAction","target":{"@type":"EntryPoint","urlTemplate":"https:\/\/clinvetdosona.cat\/?s={search_term_string}"},"query-input":"required name=search_term_string"}],"inLanguage":"es"},{"@type":"Person","@id":"https:\/\/clinvetdosona.cat\/#\/schema\/person\/b6b65a2e5e554289b5ef633a16c8f38f","name":"AdminD","image":{"@type":"ImageObject","inLanguage":"es","@id":"https:\/\/clinvetdosona.cat\/#\/schema\/person\/image\/","url":"https:\/\/secure.gravatar.com\/avatar\/414c7840b35b7adb1c49747a00267b3a5312caaa6fd08fedca7a24fa9a06eeb5?s=96&d=mm&r=g","contentUrl":"https:\/\/secure.gravatar.com\/avatar\/414c7840b35b7adb1c49747a00267b3a5312caaa6fd08fedca7a24fa9a06eeb5?s=96&d=mm&r=g","caption":"AdminD"},"sameAs":["https:\/\/clinvetdosona.cat"],"url":"https:\/\/clinvetdosona.cat\/es\/author\/admind\/"}]}},"_links":{"self":[{"href":"https:\/\/clinvetdosona.cat\/es\/wp-json\/wp\/v2\/posts\/15353","targetHints":{"allow":["GET"]}}],"collection":[{"href":"https:\/\/clinvetdosona.cat\/es\/wp-json\/wp\/v2\/posts"}],"about":[{"href":"https:\/\/clinvetdosona.cat\/es\/wp-json\/wp\/v2\/types\/post"}],"author":[{"embeddable":true,"href":"https:\/\/clinvetdosona.cat\/es\/wp-json\/wp\/v2\/users\/1"}],"replies":[{"embeddable":true,"href":"https:\/\/clinvetdosona.cat\/es\/wp-json\/wp\/v2\/comments?post=15353"}],"version-history":[{"count":1,"href":"https:\/\/clinvetdosona.cat\/es\/wp-json\/wp\/v2\/posts\/15353\/revisions"}],"predecessor-version":[{"id":15396,"href":"https:\/\/clinvetdosona.cat\/es\/wp-json\/wp\/v2\/posts\/15353\/revisions\/15396"}],"wp:featuredmedia":[{"embeddable":true,"href":"https:\/\/clinvetdosona.cat\/es\/wp-json\/wp\/v2\/media\/15205"}],"wp:attachment":[{"href":"https:\/\/clinvetdosona.cat\/es\/wp-json\/wp\/v2\/media?parent=15353"}],"wp:term":[{"taxonomy":"category","embeddable":true,"href":"https:\/\/clinvetdosona.cat\/es\/wp-json\/wp\/v2\/categories?post=15353"},{"taxonomy":"post_tag","embeddable":true,"href":"https:\/\/clinvetdosona.cat\/es\/wp-json\/wp\/v2\/tags?post=15353"}],"curies":[{"name":"wp","href":"https:\/\/api.w.org\/{rel}","templated":true}]}}